{"id":20814,"date":"2016-11-10T09:19:06","date_gmt":"2016-11-10T08:19:06","guid":{"rendered":"http:\/\/www.lebouchonprovencal.com\/?p=20814"},"modified":"2019-03-19T18:05:47","modified_gmt":"2019-03-19T17:05:47","slug":"entreprise-marseille","status":"publish","type":"post","link":"https:\/\/www.lebouchonprovencal.com\/zh\/entreprise-marseille\/","title":{"rendered":"\u9a6c\u8d5b\u516c\u53f8\u5e74\u7ec8\u805a\u4f1a"},"content":{"rendered":"<h2 style=\"text-align: center;\">\u6210\u4e3a\u503e\u542c\u5458\u5de5\u5fc3\u58f0\u7684\u4f01\u4e1a\u9886\u5bfc\u8005\uff1a\u516c\u53f8\u5e74\u7ec8\u665a\u4f1a<\/h2>\n<h3>\u5e74\u7ec8\u805a\u9910\u5bf9\u9a6c\u8d5b\u4f01\u4e1a\u7684\u91cd\u8981\u6027<\/h3>\n<p>\u8fd9\u662f\u4e00\u4e2a\u805a\u5728\u4e00\u8d77\u4ea4\u6d41\u601d\u60f3\u7684\u771f\u6b63\u673a\u4f1a\u3002 <strong>\u5e74\u7ec8\u9910<\/strong> \u5bf9\u4e8e <strong>\u516c\u53f8<\/strong> \u65e0\u8bba\u89c4\u6a21\u5927\u5c0f\u3002\u56e0\u6b64\uff0c\u6309\u7167\u771f\u6b63\u7684\u56e2\u961f\u5efa\u8bbe\u98ce\u683c\uff0c\u8282\u65e5\u671f\u95f4\u662f\u52a0\u5f3a\u56e2\u961f\u548c\u5efa\u7acb\u6301\u4e45\u8054\u7cfb\u7684\u7406\u60f3\u65f6\u673a\u3002\u8fd9 <strong>\u9a6c\u8d5b\u4f01\u4e1a\u5e74\u7ec8\u9910<\/strong> \u4e5f\u662f\u8fdc\u79bb\u804c\u4e1a\u73af\u5883\u7684\u4e00\u79cd\u65b9\u5f0f\u3002\u8bb8\u591a\u4eba--\u4e0d\u540c\u5e74\u9f84\u6bb5\u7684\u7537\u5973--\u5728\u7a7a\u65f7\u7684\u5730\u65b9\u4e0d\u671f\u800c\u9047\uff0c\u5374\u6ca1\u6709\u771f\u6b63\u4e86\u89e3\u5bf9\u65b9\uff0c\u4e5f\u6ca1\u6709\u4ea4\u6362\u8fc7\u773c\u795e\uff01\u5e74\u7ec8\u805a\u9910<strong> \u9a6c\u8d5b\u516c\u53f8<\/strong> \u56e0\u6b64\uff0c\u5b83\u4e0d\u4ec5\u662f\u8ba8\u8bba\u5404\u79cd\u4e3b\u9898\u7684\u7406\u60f3\u573a\u6240\uff0c\u4e5f\u662f\u6682\u65f6\u6253\u7834\u7b49\u7ea7\u58c1\u5792\u7684\u7406\u60f3\u573a\u6240\u3002\u9009\u62e9 <strong>\u9910\u9986<\/strong> \u5bf9\u7ec4\u7ec7\u6d3b\u52a8\u975e\u5e38\u91cd\u8981\u3002\u4e00\u4e9b\u6d3b\u52a8 <strong>\u9910\u9986<\/strong> \u50cf Le bouchon Provencal \u8fd9\u6837\u7684\u9152\u5e97\uff0c\u90fd\u4f1a\u6839\u636e\u6e38\u5ba2\u7684\u9700\u6c42\u91cf\u8eab\u5b9a\u5236\u5957\u9910\u3002<strong> \u56e2\u4f53\u548c\u516c\u53f8<\/strong> (\u6839\u636e\u914d\u65b9\u7684\u4e0d\u540c\uff0c\u53ef\u5bb9\u7eb3 30 \u81f3 70 \u4eba\uff09\u3002\u6bcf\u4f4d\u5458\u5de5\u90fd\u80fd\u5728\u8f7b\u677e\u6109\u5feb\u7684\u6c1b\u56f4\u4e2d\u54c1\u5c1d\u5230\u5f53\u5730\u7684\u4f18\u8d28\u4ea7\u54c1\uff0c\u5982\u7ae0\u9c7c\u3001\u8d3b\u8d1d\u548c\u91d1\u67aa\u9c7c\u725b\u6392\u3002<\/p>\n<h2>\u4e3a\u516c\u53f8\u5e74\u7ec8\u805a\u4f1a\u9009\u62e9\u5408\u9002\u7684\u73af\u5883<\/h2>\n<p>\u4f4d\u4e8e<strong> \u9a6c\u8d5b\u8001\u6e2f<\/strong> (Le Bouchon Provencal \u4f4d\u4e8e Cours Estienne d'Orves\uff0c\u62e5\u6709\u591a\u5e74\u7684\u9910\u996e\u4e1a\u7ecf\u9a8c\uff0c\u4e3a\u987e\u5ba2\u63d0\u4f9b\u4e24\u4e2a\u5bbd\u655e\u7684\u9910\u5385\uff0c\u5305\u62ec\u4e00\u4e2a\u62f1\u5f62\u623f\u95f4\u548c\u4e00\u4e2a\u9732\u53f0\u3002\u6211\u4eec\u7684\u56e2\u961f\u4e13\u95e8\u63a5\u5f85 <strong>\u516c\u53f8<\/strong> \u4e3a\u56e2\u4f53\u63d0\u4f9b\u5723\u8bde\u83dc\u5355\u3002\u89c6\u60a8\u7684\u9884\u7b97\u800c\u5b9a\u3001 <strong>\u516c\u53f8\u5e74\u7ec8\u805a\u4f1a<\/strong> \u83dc\u80b4\u5305\u62ec\u70e4\u8089\u677f\u3001\u8089\u4e32\u3001verrines\u3001\u7ae0\u9c7c\u4ee5\u53ca\u6cd5\u5f0f\u5410\u53f8\u3001\u63d0\u62c9\u7c73\u82cf\u548cpanna cotta\u7b49\u751c\u70b9\u62fc\u76d8\u3002\u5f53\u7136\uff0c\u666e\u7f57\u65fa\u65af\u5e03\u743c\u9910\u5385\u8fd8\u63d0\u4f9b\u9152\u7cbe\u996e\u6599\u548c\u8f6f\u996e\u6599\u6765\u642d\u914d\u83dc\u80b4\uff1a\u521d\u69a8\u83ab\u67d4\u6258\uff08mojoto\uff09\u3001\u9c9c\u6a59\u6c41\u548c\u666e\u7f57\u65fa\u65af\u5761\u5730\u6cd5\u5b9a\u4ea7\u533a\u767d\u8461\u8404\u9152\uff08C\u00f4tes de Provence AOC white wine\uff09\u3002\u4e3a <strong>\u5723\u8bde\u83dc\u5355<\/strong> \u5bf9\u4e8e <strong>\u7ec4<\/strong>\u5982\u679c\u60a8\u613f\u610f\uff0c\u8fd8\u53ef\u4ee5\u5411\u5ba2\u4eba\u8d60\u9001\u5c0f\u76d2\u7f8e\u98df\uff0c\u4f5c\u4e3a\u7528\u9910\u7684\u7eaa\u5ff5\u54c1\u3002<\/p>","protected":false},"excerpt":{"rendered":"<p>Soyez un chef d&rsquo;entreprise \u00e0 l&rsquo;\u00e9coute de vos employ\u00e9s : soiree de fin d&rsquo;ann\u00e9e d&rsquo;entreprise L&rsquo;importance du repas de fin d&rsquo;annee entreprise marseille V\u00e9ritable moment de convivialit\u00e9 et de partage, le repas de fin d&rsquo;ann\u00e9e demeure un \u00e9v\u00e9nement incontournable pour les entreprises de petites comme de grandes tailles. Ainsi &#8211; v\u00e9ritable team bulding &#8211; la [&hellip;]<\/p>\n","protected":false},"author":1,"featured_media":18392,"comment_status":"closed","ping_status":"closed","sticky":false,"template":"","format":"standard","meta":{"site-sidebar-layout":"default","site-content-layout":"default","ast-site-content-layout":"","site-content-style":"default","site-sidebar-style":"default","ast-global-header-display":"","ast-banner-title-visibility":"","ast-main-header-display":"","ast-hfb-above-header-display":"","ast-hfb-below-header-display":"","ast-hfb-mobile-header-display":"","site-post-title":"","ast-breadcrumbs-content":"","ast-featured-img":"","footer-sml-layout":"","theme-transparent-header-meta":"default","adv-header-id-meta":"","stick-header-meta":"","header-above-stick-meta":"","header-main-stick-meta":"","header-below-stick-meta":"","astra-migrate-meta-layouts":"default","ast-page-background-enabled":"default","ast-page-background-meta":{"desktop":{"background-color":"var(--ast-global-color-4)","background-image":"","background-repeat":"repeat","background-position":"center center","background-size":"auto","background-attachment":"scroll","background-type":"","background-media":"","overlay-type":"","overlay-color":"","overlay-opacity":"","overlay-gradient":""},"tablet":{"background-color":"","background-image":"","background-repeat":"repeat","background-position":"center center","background-size":"auto","background-attachment":"scroll","background-type":"","background-media":"","overlay-type":"","overlay-color":"","overlay-opacity":"","overlay-gradient":""},"mobile":{"background-color":"","background-image":"","background-repeat":"repeat","background-position":"center center","background-size":"auto","background-attachment":"scroll","background-type":"","background-media":"","overlay-type":"","overlay-color":"","overlay-opacity":"","overlay-gradient":""}},"ast-content-background-meta":{"desktop":{"background-color":"var(--ast-global-color-5)","background-image":"","background-repeat":"repeat","background-position":"center center","background-size":"auto","background-attachment":"scroll","background-type":"","background-media":"","overlay-type":"","overlay-color":"","overlay-opacity":"","overlay-gradient":""},"tablet":{"background-color":"var(--ast-global-color-5)","background-image":"","background-repeat":"repeat","background-position":"center center","background-size":"auto","background-attachment":"scroll","background-type":"","background-media":"","overlay-type":"","overlay-color":"","overlay-opacity":"","overlay-gradient":""},"mobile":{"background-color":"var(--ast-global-color-5)","background-image":"","background-repeat":"repeat","background-position":"center center","background-size":"auto","background-attachment":"scroll","background-type":"","background-media":"","overlay-type":"","overlay-color":"","overlay-opacity":"","overlay-gradient":""}},"footnotes":""},"categories":[9],"tags":[],"class_list":["post-20814","post","type-post","status-publish","format-standard","has-post-thumbnail","hentry","category-actualites"],"yoast_head":"<!-- This site is optimized with the Yoast SEO plugin v27.5 - https:\/\/yoast.com\/product\/yoast-seo-wordpress\/ -->\n<title>Soiree de fin d&#039;ann\u00e9e d&#039;entreprise \u00e0 marseille - Le Bouchon Provencal<\/title>\n<meta name=\"robots\" content=\"index, follow, max-snippet:-1, max-image-preview:large, max-video-preview:-1\" \/>\n<link rel=\"canonical\" href=\"https:\/\/www.lebouchonprovencal.com\/zh\/entreprise-marseille\/\" \/>\n<meta property=\"og:locale\" content=\"zh_CN\" \/>\n<meta property=\"og:type\" content=\"article\" \/>\n<meta property=\"og:title\" content=\"Soiree de fin d&#039;ann\u00e9e d&#039;entreprise \u00e0 marseille - Le Bouchon Provencal\" \/>\n<meta property=\"og:description\" content=\"Soyez un chef d&rsquo;entreprise \u00e0 l&rsquo;\u00e9coute de vos employ\u00e9s : soiree de fin d&rsquo;ann\u00e9e d&rsquo;entreprise L&rsquo;importance du repas de fin d&rsquo;annee entreprise marseille V\u00e9ritable moment de convivialit\u00e9 et de partage, le repas de fin d&rsquo;ann\u00e9e demeure un \u00e9v\u00e9nement incontournable pour les entreprises de petites comme de grandes tailles. Ainsi &#8211; v\u00e9ritable team bulding &#8211; la [&hellip;]\" \/>\n<meta property=\"og:url\" content=\"https:\/\/www.lebouchonprovencal.com\/zh\/entreprise-marseille\/\" \/>\n<meta property=\"og:site_name\" content=\"Le Bouchon Provencal\" \/>\n<meta property=\"article:published_time\" content=\"2016-11-10T08:19:06+00:00\" \/>\n<meta property=\"article:modified_time\" content=\"2019-03-19T17:05:47+00:00\" \/>\n<meta property=\"og:image\" content=\"https:\/\/www.lebouchonprovencal.com\/wp-content\/uploads\/studio_julius_pro_linkiu_le_bouchon_marseillais_0180_col_-1.jpg\" \/>\n\t<meta property=\"og:image:width\" content=\"1920\" \/>\n\t<meta property=\"og:image:height\" content=\"1252\" \/>\n\t<meta property=\"og:image:type\" content=\"image\/jpeg\" \/>\n<meta name=\"author\" content=\"admin\" \/>\n<meta name=\"twitter:card\" content=\"summary_large_image\" \/>\n<meta name=\"twitter:label1\" content=\"\u4f5c\u8005\" \/>\n\t<meta name=\"twitter:data1\" content=\"admin\" \/>\n\t<meta name=\"twitter:label2\" content=\"\u9884\u8ba1\u9605\u8bfb\u65f6\u95f4\" \/>\n\t<meta name=\"twitter:data2\" content=\"2 \u5206\" \/>\n<script type=\"application\/ld+json\" class=\"yoast-schema-graph\">{\"@context\":\"https:\\\/\\\/schema.org\",\"@graph\":[{\"@type\":\"Article\",\"@id\":\"https:\\\/\\\/www.lebouchonprovencal.com\\\/entreprise-marseille\\\/#article\",\"isPartOf\":{\"@id\":\"https:\\\/\\\/www.lebouchonprovencal.com\\\/entreprise-marseille\\\/\"},\"author\":{\"name\":\"admin\",\"@id\":\"https:\\\/\\\/www.lebouchonprovencal.com\\\/#\\\/schema\\\/person\\\/a191e21ea13b8c2c7eee9fa430fe8f57\"},\"headline\":\"Soiree de fin d&rsquo;ann\u00e9e d&rsquo;entreprise \u00e0 marseille\",\"datePublished\":\"2016-11-10T08:19:06+00:00\",\"dateModified\":\"2019-03-19T17:05:47+00:00\",\"mainEntityOfPage\":{\"@id\":\"https:\\\/\\\/www.lebouchonprovencal.com\\\/entreprise-marseille\\\/\"},\"wordCount\":400,\"publisher\":{\"@id\":\"https:\\\/\\\/www.lebouchonprovencal.com\\\/#organization\"},\"image\":{\"@id\":\"https:\\\/\\\/www.lebouchonprovencal.com\\\/entreprise-marseille\\\/#primaryimage\"},\"thumbnailUrl\":\"https:\\\/\\\/www.lebouchonprovencal.com\\\/wp-content\\\/uploads\\\/studio_julius_pro_linkiu_le_bouchon_marseillais_0180_col_-1.jpg\",\"articleSection\":[\"Actualit\u00e9s\"],\"inLanguage\":\"zh-Hans\"},{\"@type\":\"WebPage\",\"@id\":\"https:\\\/\\\/www.lebouchonprovencal.com\\\/entreprise-marseille\\\/\",\"url\":\"https:\\\/\\\/www.lebouchonprovencal.com\\\/entreprise-marseille\\\/\",\"name\":\"Soiree de fin d'ann\u00e9e d'entreprise \u00e0 marseille - Le Bouchon Provencal\",\"isPartOf\":{\"@id\":\"https:\\\/\\\/www.lebouchonprovencal.com\\\/#website\"},\"primaryImageOfPage\":{\"@id\":\"https:\\\/\\\/www.lebouchonprovencal.com\\\/entreprise-marseille\\\/#primaryimage\"},\"image\":{\"@id\":\"https:\\\/\\\/www.lebouchonprovencal.com\\\/entreprise-marseille\\\/#primaryimage\"},\"thumbnailUrl\":\"https:\\\/\\\/www.lebouchonprovencal.com\\\/wp-content\\\/uploads\\\/studio_julius_pro_linkiu_le_bouchon_marseillais_0180_col_-1.jpg\",\"datePublished\":\"2016-11-10T08:19:06+00:00\",\"dateModified\":\"2019-03-19T17:05:47+00:00\",\"breadcrumb\":{\"@id\":\"https:\\\/\\\/www.lebouchonprovencal.com\\\/entreprise-marseille\\\/#breadcrumb\"},\"inLanguage\":\"zh-Hans\",\"potentialAction\":[{\"@type\":\"ReadAction\",\"target\":[\"https:\\\/\\\/www.lebouchonprovencal.com\\\/entreprise-marseille\\\/\"]}]},{\"@type\":\"ImageObject\",\"inLanguage\":\"zh-Hans\",\"@id\":\"https:\\\/\\\/www.lebouchonprovencal.com\\\/entreprise-marseille\\\/#primaryimage\",\"url\":\"https:\\\/\\\/www.lebouchonprovencal.com\\\/wp-content\\\/uploads\\\/studio_julius_pro_linkiu_le_bouchon_marseillais_0180_col_-1.jpg\",\"contentUrl\":\"https:\\\/\\\/www.lebouchonprovencal.com\\\/wp-content\\\/uploads\\\/studio_julius_pro_linkiu_le_bouchon_marseillais_0180_col_-1.jpg\",\"width\":1920,\"height\":1252,\"caption\":\"repas fin d annee marseille entreprise\"},{\"@type\":\"BreadcrumbList\",\"@id\":\"https:\\\/\\\/www.lebouchonprovencal.com\\\/entreprise-marseille\\\/#breadcrumb\",\"itemListElement\":[{\"@type\":\"ListItem\",\"position\":1,\"name\":\"Home\",\"item\":\"https:\\\/\\\/www.lebouchonprovencal.com\\\/\"},{\"@type\":\"ListItem\",\"position\":2,\"name\":\"Soiree de fin d&rsquo;ann\u00e9e d&rsquo;entreprise \u00e0 marseille\"}]},{\"@type\":\"WebSite\",\"@id\":\"https:\\\/\\\/www.lebouchonprovencal.com\\\/#website\",\"url\":\"https:\\\/\\\/www.lebouchonprovencal.com\\\/\",\"name\":\"A CHANGER\",\"description\":\"\",\"publisher\":{\"@id\":\"https:\\\/\\\/www.lebouchonprovencal.com\\\/#organization\"},\"potentialAction\":[{\"@type\":\"SearchAction\",\"target\":{\"@type\":\"EntryPoint\",\"urlTemplate\":\"https:\\\/\\\/www.lebouchonprovencal.com\\\/?s={search_term_string}\"},\"query-input\":{\"@type\":\"PropertyValueSpecification\",\"valueRequired\":true,\"valueName\":\"search_term_string\"}}],\"inLanguage\":\"zh-Hans\"},{\"@type\":\"Organization\",\"@id\":\"https:\\\/\\\/www.lebouchonprovencal.com\\\/#organization\",\"name\":\"A CHANGER\",\"url\":\"https:\\\/\\\/www.lebouchonprovencal.com\\\/\",\"logo\":{\"@type\":\"ImageObject\",\"inLanguage\":\"zh-Hans\",\"@id\":\"https:\\\/\\\/www.lebouchonprovencal.com\\\/#\\\/schema\\\/logo\\\/image\\\/\",\"url\":\"https:\\\/\\\/www.lebouchonprovencal.com\\\/wp-content\\\/uploads\\\/logo-3-1.png\",\"contentUrl\":\"https:\\\/\\\/www.lebouchonprovencal.com\\\/wp-content\\\/uploads\\\/logo-3-1.png\",\"width\":487,\"height\":42,\"caption\":\"A CHANGER\"},\"image\":{\"@id\":\"https:\\\/\\\/www.lebouchonprovencal.com\\\/#\\\/schema\\\/logo\\\/image\\\/\"}},{\"@type\":\"Person\",\"@id\":\"https:\\\/\\\/www.lebouchonprovencal.com\\\/#\\\/schema\\\/person\\\/a191e21ea13b8c2c7eee9fa430fe8f57\",\"name\":\"admin\",\"image\":{\"@type\":\"ImageObject\",\"inLanguage\":\"zh-Hans\",\"@id\":\"https:\\\/\\\/secure.gravatar.com\\\/avatar\\\/c0a8f97a611050b097dc20a2cf3435a850cac0990b5b05fa4f0af94e313e20c8?s=96&d=mm&r=g\",\"url\":\"https:\\\/\\\/secure.gravatar.com\\\/avatar\\\/c0a8f97a611050b097dc20a2cf3435a850cac0990b5b05fa4f0af94e313e20c8?s=96&d=mm&r=g\",\"contentUrl\":\"https:\\\/\\\/secure.gravatar.com\\\/avatar\\\/c0a8f97a611050b097dc20a2cf3435a850cac0990b5b05fa4f0af94e313e20c8?s=96&d=mm&r=g\",\"caption\":\"admin\"}}]}<\/script>\n<!-- \/ Yoast SEO plugin. -->","yoast_head_json":{"title":"\u9a6c\u8d5b\u516c\u53f8\u5e74\u7ec8\u805a\u4f1a - Le Bouchon Provencal","robots":{"index":"index","follow":"follow","max-snippet":"max-snippet:-1","max-image-preview":"max-image-preview:large","max-video-preview":"max-video-preview:-1"},"canonical":"https:\/\/www.lebouchonprovencal.com\/zh\/entreprise-marseille\/","og_locale":"zh_CN","og_type":"article","og_title":"Soiree de fin d'ann\u00e9e d'entreprise \u00e0 marseille - Le Bouchon Provencal","og_description":"Soyez un chef d&rsquo;entreprise \u00e0 l&rsquo;\u00e9coute de vos employ\u00e9s : soiree de fin d&rsquo;ann\u00e9e d&rsquo;entreprise L&rsquo;importance du repas de fin d&rsquo;annee entreprise marseille V\u00e9ritable moment de convivialit\u00e9 et de partage, le repas de fin d&rsquo;ann\u00e9e demeure un \u00e9v\u00e9nement incontournable pour les entreprises de petites comme de grandes tailles. Ainsi &#8211; v\u00e9ritable team bulding &#8211; la [&hellip;]","og_url":"https:\/\/www.lebouchonprovencal.com\/zh\/entreprise-marseille\/","og_site_name":"Le Bouchon Provencal","article_published_time":"2016-11-10T08:19:06+00:00","article_modified_time":"2019-03-19T17:05:47+00:00","og_image":[{"width":1920,"height":1252,"url":"https:\/\/www.lebouchonprovencal.com\/wp-content\/uploads\/studio_julius_pro_linkiu_le_bouchon_marseillais_0180_col_-1.jpg","type":"image\/jpeg"}],"author":"admin","twitter_card":"summary_large_image","twitter_misc":{"\u4f5c\u8005":"admin","\u9884\u8ba1\u9605\u8bfb\u65f6\u95f4":"2 \u5206"},"schema":{"@context":"https:\/\/schema.org","@graph":[{"@type":"Article","@id":"https:\/\/www.lebouchonprovencal.com\/entreprise-marseille\/#article","isPartOf":{"@id":"https:\/\/www.lebouchonprovencal.com\/entreprise-marseille\/"},"author":{"name":"admin","@id":"https:\/\/www.lebouchonprovencal.com\/#\/schema\/person\/a191e21ea13b8c2c7eee9fa430fe8f57"},"headline":"Soiree de fin d&rsquo;ann\u00e9e d&rsquo;entreprise \u00e0 marseille","datePublished":"2016-11-10T08:19:06+00:00","dateModified":"2019-03-19T17:05:47+00:00","mainEntityOfPage":{"@id":"https:\/\/www.lebouchonprovencal.com\/entreprise-marseille\/"},"wordCount":400,"publisher":{"@id":"https:\/\/www.lebouchonprovencal.com\/#organization"},"image":{"@id":"https:\/\/www.lebouchonprovencal.com\/entreprise-marseille\/#primaryimage"},"thumbnailUrl":"https:\/\/www.lebouchonprovencal.com\/wp-content\/uploads\/studio_julius_pro_linkiu_le_bouchon_marseillais_0180_col_-1.jpg","articleSection":["Actualit\u00e9s"],"inLanguage":"zh-Hans"},{"@type":"WebPage","@id":"https:\/\/www.lebouchonprovencal.com\/entreprise-marseille\/","url":"https:\/\/www.lebouchonprovencal.com\/entreprise-marseille\/","name":"\u9a6c\u8d5b\u516c\u53f8\u5e74\u7ec8\u805a\u4f1a - Le Bouchon Provencal","isPartOf":{"@id":"https:\/\/www.lebouchonprovencal.com\/#website"},"primaryImageOfPage":{"@id":"https:\/\/www.lebouchonprovencal.com\/entreprise-marseille\/#primaryimage"},"image":{"@id":"https:\/\/www.lebouchonprovencal.com\/entreprise-marseille\/#primaryimage"},"thumbnailUrl":"https:\/\/www.lebouchonprovencal.com\/wp-content\/uploads\/studio_julius_pro_linkiu_le_bouchon_marseillais_0180_col_-1.jpg","datePublished":"2016-11-10T08:19:06+00:00","dateModified":"2019-03-19T17:05:47+00:00","breadcrumb":{"@id":"https:\/\/www.lebouchonprovencal.com\/entreprise-marseille\/#breadcrumb"},"inLanguage":"zh-Hans","potentialAction":[{"@type":"ReadAction","target":["https:\/\/www.lebouchonprovencal.com\/entreprise-marseille\/"]}]},{"@type":"ImageObject","inLanguage":"zh-Hans","@id":"https:\/\/www.lebouchonprovencal.com\/entreprise-marseille\/#primaryimage","url":"https:\/\/www.lebouchonprovencal.com\/wp-content\/uploads\/studio_julius_pro_linkiu_le_bouchon_marseillais_0180_col_-1.jpg","contentUrl":"https:\/\/www.lebouchonprovencal.com\/wp-content\/uploads\/studio_julius_pro_linkiu_le_bouchon_marseillais_0180_col_-1.jpg","width":1920,"height":1252,"caption":"repas fin d annee marseille entreprise"},{"@type":"BreadcrumbList","@id":"https:\/\/www.lebouchonprovencal.com\/entreprise-marseille\/#breadcrumb","itemListElement":[{"@type":"ListItem","position":1,"name":"Home","item":"https:\/\/www.lebouchonprovencal.com\/"},{"@type":"ListItem","position":2,"name":"Soiree de fin d&rsquo;ann\u00e9e d&rsquo;entreprise \u00e0 marseille"}]},{"@type":"WebSite","@id":"https:\/\/www.lebouchonprovencal.com\/#website","url":"https:\/\/www.lebouchonprovencal.com\/","name":"\u5f85\u66f4\u6539","description":"","publisher":{"@id":"https:\/\/www.lebouchonprovencal.com\/#organization"},"potentialAction":[{"@type":"SearchAction","target":{"@type":"EntryPoint","urlTemplate":"https:\/\/www.lebouchonprovencal.com\/?s={search_term_string}"},"query-input":{"@type":"PropertyValueSpecification","valueRequired":true,"valueName":"search_term_string"}}],"inLanguage":"zh-Hans"},{"@type":"Organization","@id":"https:\/\/www.lebouchonprovencal.com\/#organization","name":"\u5f85\u66f4\u6539","url":"https:\/\/www.lebouchonprovencal.com\/","logo":{"@type":"ImageObject","inLanguage":"zh-Hans","@id":"https:\/\/www.lebouchonprovencal.com\/#\/schema\/logo\/image\/","url":"https:\/\/www.lebouchonprovencal.com\/wp-content\/uploads\/logo-3-1.png","contentUrl":"https:\/\/www.lebouchonprovencal.com\/wp-content\/uploads\/logo-3-1.png","width":487,"height":42,"caption":"A CHANGER"},"image":{"@id":"https:\/\/www.lebouchonprovencal.com\/#\/schema\/logo\/image\/"}},{"@type":"Person","@id":"https:\/\/www.lebouchonprovencal.com\/#\/schema\/person\/a191e21ea13b8c2c7eee9fa430fe8f57","name":"\u7ba1\u7406","image":{"@type":"ImageObject","inLanguage":"zh-Hans","@id":"https:\/\/secure.gravatar.com\/avatar\/c0a8f97a611050b097dc20a2cf3435a850cac0990b5b05fa4f0af94e313e20c8?s=96&d=mm&r=g","url":"https:\/\/secure.gravatar.com\/avatar\/c0a8f97a611050b097dc20a2cf3435a850cac0990b5b05fa4f0af94e313e20c8?s=96&d=mm&r=g","contentUrl":"https:\/\/secure.gravatar.com\/avatar\/c0a8f97a611050b097dc20a2cf3435a850cac0990b5b05fa4f0af94e313e20c8?s=96&d=mm&r=g","caption":"admin"}}]}},"_links":{"self":[{"href":"https:\/\/www.lebouchonprovencal.com\/zh\/wp-json\/wp\/v2\/posts\/20814","targetHints":{"allow":["GET"]}}],"collection":[{"href":"https:\/\/www.lebouchonprovencal.com\/zh\/wp-json\/wp\/v2\/posts"}],"about":[{"href":"https:\/\/www.lebouchonprovencal.com\/zh\/wp-json\/wp\/v2\/types\/post"}],"author":[{"embeddable":true,"href":"https:\/\/www.lebouchonprovencal.com\/zh\/wp-json\/wp\/v2\/users\/1"}],"replies":[{"embeddable":true,"href":"https:\/\/www.lebouchonprovencal.com\/zh\/wp-json\/wp\/v2\/comments?post=20814"}],"version-history":[{"count":3,"href":"https:\/\/www.lebouchonprovencal.com\/zh\/wp-json\/wp\/v2\/posts\/20814\/revisions"}],"predecessor-version":[{"id":21514,"href":"https:\/\/www.lebouchonprovencal.com\/zh\/wp-json\/wp\/v2\/posts\/20814\/revisions\/21514"}],"wp:featuredmedia":[{"embeddable":true,"href":"https:\/\/www.lebouchonprovencal.com\/zh\/wp-json\/wp\/v2\/media\/18392"}],"wp:attachment":[{"href":"https:\/\/www.lebouchonprovencal.com\/zh\/wp-json\/wp\/v2\/media?parent=20814"}],"wp:term":[{"taxonomy":"category","embeddable":true,"href":"https:\/\/www.lebouchonprovencal.com\/zh\/wp-json\/wp\/v2\/categories?post=20814"},{"taxonomy":"post_tag","embeddable":true,"href":"https:\/\/www.lebouchonprovencal.com\/zh\/wp-json\/wp\/v2\/tags?post=20814"}],"curies":[{"name":"wp","href":"https:\/\/api.w.org\/{rel}","templated":true}]}}